{"id":1089,"date":"2011-04-28T12:48:54","date_gmt":"2011-04-28T09:48:54","guid":{"rendered":"http:\/\/wlcu.biz\/?p=1089"},"modified":"2017-03-07T05:51:54","modified_gmt":"2017-03-07T03:51:54","slug":"ouverture-du-centre-culturel-bresil-liban-28-apr-2011","status":"publish","type":"post","link":"https:\/\/wlcu.world\/ng\/1089\/","title":{"rendered":"Ouverture du Centre Culturel Br\u00e9sil-Liban &#8211; 28 Apr 2011"},"content":{"rendered":"<p style=\"text-align: center;\"><a href=\"\/ng\/wp-content\/uploads\/2013\/06\/Untitled.png\"><img loading=\"lazy\" decoding=\"async\" class=\"aligncenter size-full wp-image-1090\" src=\"\/ng\/wp-content\/uploads\/2013\/06\/Untitled.png\" alt=\"Logo\" width=\"269\" height=\"277\"><\/a><\/p>\n<p style=\"text-align: center;\"><b>EMBAIXADA<\/b><b> DO BRASIL EM BEIRUTE \u2013 AMBASSADE DU BR\u00c9SIL \u00c0 BEYROUTH<\/b><\/p>\n<h4 style=\"text-align: center;\"><b>\u0633\u0641\u0627\u0631\u0629 \u0627\u0644\u0628\u0631\u0627\u0632\u064a\u0644 \u0641\u064a \u0628\u064a\u0631\u0648\u062a<\/b><\/h4>\n<p align=\"center\"><b>COMUNICADO<\/b><b> DE IMPRENSA<\/b><\/p>\n<p align=\"center\"><b>IN\u00cdCIO<\/b><b> DAS ATIVIDADES DO CENTRO CULTURAL BRASIL-L\u00cdBANO <\/b><\/p>\n<p align=\"center\"><b>(BrasiLiban) <\/b><\/p>\n<p align=\"center\"><b>EM<\/b><b> BEIRUTE, 27 DE ABRIL DE 2011<\/b><\/p>\n<p>&nbsp;<\/p>\n<p>O L\u00edbano \u00e9 o pa\u00eds de onde prov\u00e9m a maioria dos imigrantes de l\u00edngua \u00e1rabe estabelecidos no Brasil. \u00c9, igualmente, o pa\u00eds &nbsp;do mundo \u00e1rabe onde reside a maior comunidade de origem brasileira no exterior. Perfeitamente integrada no Brasil, a comunidade de origem libanesa constitui a principal matriz \u00e9tnica \u00e1rabe do nosso pa\u00eds, tendo contribu\u00eddo para a forma\u00e7\u00e3o de nossa identidade social e cultural, com influ\u00eancias que v\u00e3o da literatura at\u00e9 as artes e \u00e0 gastronomia.<\/p>\n<p align=\"center\"><a href=\"\/ng\/blog\/2011\/04\/28\/ouverture-du-centre-culturel-bresil-liban-28-apr-2011-2\/\">Lire en Fran\u00e7ais<\/a><\/p>\n<p align=\"center\"><a href=\"\/ng\/wp-content\/uploads\/2013\/06\/Centre-Culturel-Br\u00e9sil-Liban.pdf\">Voir La Brochure<\/a><\/p>\n<p>2.&nbsp;&nbsp;&nbsp;&nbsp; Malgrado os estreitos la\u00e7os hist\u00f3ricos, familiares e culturais entre os dois povos, at\u00e9 o presente momento o Brasil n\u00e3o dispunha \u2013 al\u00e9m do Setor Cultural da Embaixada \u2013 de uma institui\u00e7\u00e3o oficial com a miss\u00e3o espec\u00edfica de difundir a l\u00edngua portuguesa e a cultura brasileira no L\u00edbano.<\/p>\n<p>&nbsp;<\/p>\n<ol>\n<li>A <b>Embaixada<\/b><b> do Brasil no L\u00edbano<\/b> orgulha-se de anunciar que o Governo brasileiro<\/li>\n<\/ol>\n<p>abrir\u00e1 as portas, no dia 27 de abril de 2011, do Centro Cultural Brasil-L\u00edbano (BrasiLiban), em Beirute.&nbsp; Instalado em im\u00f3vel com o charme da arquitetura libanesa do s\u00e9culo XIX, inteiramente renovado, o Centro tem por miss\u00e3o a de ser vitrine de divulga\u00e7\u00e3o da cultura brasileira no Pa\u00eds dos Cedros. Ele oferecer\u00e1 cursos variados, para p\u00fablicos de diversas idades, ministrados por professores e instrutores nativos ou com larga experi\u00eancia da cultura brasileira, nos seguintes dom\u00ednios:<\/p>\n<p>&nbsp;<\/p>\n<p>&nbsp;<\/p>\n<ul>\n<li>l\u00edngua portuguesa e cultura brasileira;<\/li>\n<li>dan\u00e7as brasileiras (samba, forr\u00f3, lambada);<\/li>\n<li>artes marciais, entre as quais capoeira e jiu-jitsu brasileiro;<\/li>\n<li>gastronomia brasileira;<\/li>\n<li>piano e canto coral;<\/li>\n<li>l\u00edngua \u00e1rabe coloquial (para n\u00e3o falantes do \u00e1rabe); e<\/li>\n<li>atividades infantis.<\/li>\n<\/ul>\n<p>&nbsp;<\/p>\n<p>&nbsp;<\/p>\n<p>&nbsp;<\/p>\n<p align=\"center\">Embassy Complex &#8211;&nbsp;&nbsp; Rue de l\u2019Arm\u00e9e, S\u00e9rail Hill \u2013 Beyrouth, Liban &#8211; T\u00e9l.&nbsp;: + 961 1 982161\/3\/4\/5\/7&nbsp; Fax&nbsp;: + 961 1 982159<\/p>\n<p align=\"center\"><a href=\"http:\/\/www.brazilembassy.org.lb\">www.brazilembassy.org.lb<\/a> \u2013 brasemb.beirute@itamaraty.gov.br<\/p>\n<p>4. &nbsp;&nbsp;&nbsp;&nbsp;O ensino da l\u00edngua portuguesa ser\u00e1 um dos objetivos mais importantes do Centro Cultural Brasil-L\u00edbano. Heran\u00e7a comum dos descobrimentos mar\u00edtimos portugueses, destaque ser\u00e1 dado ao compartilhamento desse idioma por oito pa\u00edses situados em todos os continentes, num universo de mais de 240 milh\u00f5es de pessoas. A fim de promov\u00ea-lo e divulg\u00e1-lo, o Centro almeja trabalhar em estreita coopera\u00e7\u00e3o com institui\u00e7\u00f5es oficiais e privadas dos Estados-membros da Comunidade dos Pa\u00edses de Lingua Portuguesa (CPLP), para a realiza\u00e7\u00e3o de iniciativas conjuntas.<\/p>\n<p>&nbsp;<\/p>\n<p>5.&nbsp;&nbsp;&nbsp;&nbsp; Est\u00e1 prevista a cria\u00e7\u00e3o de espa\u00e7o dedicado \u00e0s crian\u00e7as, com biblioteca e<\/p>\n<p>infra-estrutura para a realiza\u00e7\u00e3o de atividades de leitura e conta\u00e7\u00e3o de hist\u00f3rias, em<\/p>\n<p>portugu\u00eas e em \u00e1rabe. Por meio dessas atividades, as crian\u00e7as conhecer\u00e3o<\/p>\n<p>autores e ilustradores, lendas, personagens e hist\u00f3rias do folclore brasileiro.<\/p>\n<p>&nbsp;<\/p>\n<p>6. &nbsp;&nbsp;&nbsp; O Centro organizar\u00e1 sess\u00f5es regulares de cinema, destinadas ao p\u00fablico em geral e oferecer\u00e1, a seus alunos e ao p\u00fablico interessado, acesso gratuito a uma biblioteca e a uma midiateca com CD\u2019s de m\u00fasica e DVD\u2019s de filmes, document\u00e1rios e espet\u00e1culos musicais brasileiros.<\/p>\n<p>&nbsp;<\/p>\n<p>7.&nbsp;&nbsp;&nbsp;&nbsp; Pretende desenvolver, igualmente, sua voca\u00e7\u00e3o de elo entre os mundos acad\u00eamico e art\u00edstico do Brasil e do L\u00edbano, estimulando contatos entre universidades e estudantes brasileiros e libaneses; aplicando as provas do diploma CELPE-Bras (Certificado de Profici\u00eancia em L\u00edngua Portuguesa para Estrangeiros); bem como cedendo seu espa\u00e7o para espet\u00e1culos e exposi\u00e7\u00f5es de artistas dos dois pa\u00edses.<\/p>\n<p>&nbsp;<\/p>\n<p>8.&nbsp;&nbsp;&nbsp;&nbsp; Espet\u00e1culos musicais, confer\u00eancias e exposi\u00e7\u00f5es sobre o Brasil e sobre assuntos relativos \u00e0s rela\u00e7\u00f5es l\u00edbano-brasileiras far\u00e3o parte da programa\u00e7\u00e3o do BrasiLiban.<\/p>\n<p>9.&nbsp;&nbsp;&nbsp;&nbsp; Ciente de que a gastronomia de um pa\u00eds contribui para a difus\u00e3o de sua cultura no exterior, o Centro colocar\u00e1 \u00e0 disposi\u00e7\u00e3o dos alunos e do p\u00fablico liban\u00eas um Caf\u00e9-Bar onde ser\u00e1 poss\u00edvel degustar produtos t\u00edpicos do Brasil, notadamente p\u00e3o de queijo, bolinho de bacalhau, risole, coxinha de galinha, entre outros, acompanhados de uma boa x\u00edcara de caf\u00e9 brasileiro, de uma aut\u00eantica caipirinha, ou de um guaran\u00e1. Tudo isso ao som da bossa- nova ou das can\u00e7\u00f5es de Gilberto Gil, Chico Buarque ou Caetano Veloso. Essa ser\u00e1 uma nova op\u00e7\u00e3o de <i>happy hour<\/i> &nbsp;em Beirute.<\/p>\n<p>&nbsp;<\/p>\n<p>10.&nbsp;&nbsp; No Caf\u00e9-Bar, um tel\u00e3o difundir\u00e1 continuamente as imagens e programas da TV Globo Internacional e de outros canais de pa\u00edses-membros da Comunidade dos Pa\u00edses de L\u00edngua Portuguesa, bem como videoclipes de m\u00fasicas brasileiras.<\/p>\n<p>&nbsp;<\/p>\n<p>11.&nbsp;&nbsp; A Embaixada do Brasil em Beirute anunciar\u00e1 \u00e0 imprensa, oportunamente, o dia e a hora do espet\u00e1culo-coquetel de inaugura\u00e7\u00e3o do Centro, para o qual se espera a presen\u00e7a de alta autoridade brasileira.<\/p>\n<p>12.&nbsp;&nbsp; O Centro Cultural Brasil-L\u00edbano fica na rua Mar Mitr, Im\u00f3vel Sami Fouad Trad, n\u02da 176, Achrafieh, telefones +961 1 32 29 05 \/6 \/7, fax: +961 1 32 29 08 , Caixa Postal 16-6281 \u2013 Achrafieh&nbsp;; Facebook&nbsp; <a href=\"http:\/\/www.facebook.com\/BrasiLiban\" target=\"_blank\">www.facebook.com\/BrasiLiban<\/a>; s\u00edtio eletr\u00f4nico da Embaixada:&nbsp; <a href=\"http:\/\/www.brazilembassy.org.lb\/\">www.brazilembassy.org.lb<\/a>.<\/p>\n<p>Beirute, 19 de abril de 2011.<\/p>\n<p>&nbsp;<\/p>\n","protected":false},"excerpt":{"rendered":"<p>EMBAIXADA DO BRASIL EM BEIRUTE \u2013 AMBASSADE DU BR\u00c9SIL \u00c0 BEYROUTH \u0633\u0641\u0627\u0631\u0629 \u0627\u0644\u0628\u0631\u0627\u0632\u064a\u0644 \u0641\u064a \u0628\u064a\u0631\u0648\u062a COMUNICADO DE IMPRENSA IN\u00cdCIO DAS ATIVIDADES DO CENTRO CULTURAL BRASIL-L\u00cdBANO (BrasiLiban) EM BEIRUTE, 27 DE ABRIL DE 2011 &nbsp; O L\u00edbano \u00e9 o pa\u00eds de onde prov\u00e9m a maioria dos imigrantes de l\u00edngua \u00e1rabe estabelecidos no Brasil. \u00c9, igualmente, o &#8230;<\/p>\n","protected":false},"author":1,"featured_media":0,"comment_status":"closed","ping_status":"open","sticky":false,"template":"","format":"standard","meta":{"ngg_post_thumbnail":0,"_jetpack_memberships_contains_paid_content":false,"footnotes":""},"categories":[29,992,1020,1023],"tags":[],"class_list":["post-1089","post","type-post","status-publish","format-standard","hentry","category-brazil","category-wlcu-regions","category-beautiful-lebanon","category-lebanon-today"],"jetpack_featured_media_url":"","jetpack_sharing_enabled":true,"_links":{"self":[{"href":"https:\/\/wlcu.world\/ng\/wp-json\/wp\/v2\/posts\/1089","targetHints":{"allow":["GET"]}}],"collection":[{"href":"https:\/\/wlcu.world\/ng\/wp-json\/wp\/v2\/posts"}],"about":[{"href":"https:\/\/wlcu.world\/ng\/wp-json\/wp\/v2\/types\/post"}],"author":[{"embeddable":true,"href":"https:\/\/wlcu.world\/ng\/wp-json\/wp\/v2\/users\/1"}],"replies":[{"embeddable":true,"href":"https:\/\/wlcu.world\/ng\/wp-json\/wp\/v2\/comments?post=1089"}],"version-history":[{"count":6,"href":"https:\/\/wlcu.world\/ng\/wp-json\/wp\/v2\/posts\/1089\/revisions"}],"predecessor-version":[{"id":19980,"href":"https:\/\/wlcu.world\/ng\/wp-json\/wp\/v2\/posts\/1089\/revisions\/19980"}],"wp:attachment":[{"href":"https:\/\/wlcu.world\/ng\/wp-json\/wp\/v2\/media?parent=1089"}],"wp:term":[{"taxonomy":"category","embeddable":true,"href":"https:\/\/wlcu.world\/ng\/wp-json\/wp\/v2\/categories?post=1089"},{"taxonomy":"post_tag","embeddable":true,"href":"https:\/\/wlcu.world\/ng\/wp-json\/wp\/v2\/tags?post=1089"}],"curies":[{"name":"wp","href":"https:\/\/api.w.org\/{rel}","templated":true}]}}