{"id":1235,"date":"2011-12-10T16:35:51","date_gmt":"2011-12-10T14:35:51","guid":{"rendered":"http:\/\/wlcu.biz\/?p=1235"},"modified":"2017-03-06T04:53:01","modified_gmt":"2017-03-06T02:53:01","slug":"le-prix-france-liban-a-olivier-jacquemond-10-dec-2011","status":"publish","type":"post","link":"https:\/\/wlcu.world\/ng\/1235\/","title":{"rendered":"Le prix France-Liban \u00e0 Olivier Jacquemond &#8211; 10 Dec 2011"},"content":{"rendered":"<p>Le prix France-Liban \u00e0 Olivier Jacquemond<\/p>\n<p>L&#8217;Orient-Le Jour \u2013 10\/12\/2011<\/p>\n<p><a href=\"\/ng\/wp-content\/uploads\/2011\/12\/Olivier-Jacquemond.jpg\"><img loading=\"lazy\" decoding=\"async\" class=\"aligncenter size-medium wp-image-1303\" alt=\"Olivier Jacquemond\" src=\"\/ng\/wp-content\/uploads\/2011\/12\/Olivier-Jacquemond-300x221.jpg\" width=\"300\" height=\"221\" srcset=\"https:\/\/wlcu.world\/ng\/wp-content\/uploads\/2011\/12\/Olivier-Jacquemond-300x221.jpg 300w, https:\/\/wlcu.world\/ng\/wp-content\/uploads\/2011\/12\/Olivier-Jacquemond.jpg 340w\" sizes=\"auto, (max-width: 300px) 100vw, 300px\" \/><\/a><\/p>\n<p>Pour la 31e ann\u00e9e cons\u00e9cutive, les membres du jury du prix litt\u00e9raire France-Liban se sont r\u00e9unis \u00e0 Paris le jeudi 8 d\u00e9cembre, et, apr\u00e8s d\u00e9lib\u00e9ration, ont d\u00e9cid\u00e9 d\u2019octroyer le prix \u00e0 Olivier Jacquemond, 30 ans, de p\u00e8re fran\u00e7ais et de m\u00e8re libanaise, pour son roman Le ch\u0153ur des tristes (Mercure de France). Le jury a accord\u00e9 une mention sp\u00e9ciale \u00e0 l\u2019essai de Denise Ammoun: Les Arabes et la paix (\u00c9ditions Fayard). Par la suite, le jury a coopt\u00e9 deux nouveaux membres, Carole Dagher, \u00e9crivaine et journaliste, et Anne-Marie Edd\u00e9, historienne, pour remplacer deux d\u00e9missionnaires.<\/p>\n<p>Rappelons que le prix France-Liban a \u00e9t\u00e9 fond\u00e9 en 1980 et qu\u2019il est pr\u00e9sid\u00e9 par Jacques Chevrier, professeur \u00e9m\u00e9rite \u00e0 la Sorbonne. L\u2019attach\u00e9 culturel de l\u2019ambassade du Liban \u00e0 Paris, Abdallah Naaman, en est l\u2019administrateur et les membres du jury sont les ambassadeurs Paul Blanc et Bassam Tourbah, l\u2019\u00e9crivaine et po\u00e9tesse V\u00e9nus Khoury-Ghata, l\u2019historien G\u00e9rard Khoury et l\u2019attach\u00e9 culturel de la d\u00e9l\u00e9gation libanaise pr\u00e8s de l\u2019Unesco, Bahjat Rizk.<\/p>\n<p>&nbsp;<\/p>\n","protected":false},"excerpt":{"rendered":"<p>Le prix France-Liban \u00e0 Olivier Jacquemond L&#8217;Orient-Le Jour \u2013 10\/12\/2011 Pour la 31e ann\u00e9e cons\u00e9cutive, les membres du jury du prix litt\u00e9raire France-Liban se sont r\u00e9unis \u00e0 Paris le jeudi 8 d\u00e9cembre, et, apr\u00e8s d\u00e9lib\u00e9ration, ont d\u00e9cid\u00e9 d\u2019octroyer le prix \u00e0 Olivier Jacquemond, 30 ans, de p\u00e8re fran\u00e7ais et de m\u00e8re libanaise, pour son roman &#8230;<\/p>\n","protected":false},"author":1,"featured_media":0,"comment_status":"closed","ping_status":"open","sticky":false,"template":"","format":"standard","meta":{"ngg_post_thumbnail":0,"_jetpack_memberships_contains_paid_content":false,"footnotes":""},"categories":[31,992,1020,1026],"tags":[],"class_list":["post-1235","post","type-post","status-publish","format-standard","hentry","category-europe","category-wlcu-regions","category-beautiful-lebanon","category-great-achievements"],"jetpack_featured_media_url":"","jetpack_sharing_enabled":true,"_links":{"self":[{"href":"https:\/\/wlcu.world\/ng\/wp-json\/wp\/v2\/posts\/1235","targetHints":{"allow":["GET"]}}],"collection":[{"href":"https:\/\/wlcu.world\/ng\/wp-json\/wp\/v2\/posts"}],"about":[{"href":"https:\/\/wlcu.world\/ng\/wp-json\/wp\/v2\/types\/post"}],"author":[{"embeddable":true,"href":"https:\/\/wlcu.world\/ng\/wp-json\/wp\/v2\/users\/1"}],"replies":[{"embeddable":true,"href":"https:\/\/wlcu.world\/ng\/wp-json\/wp\/v2\/comments?post=1235"}],"version-history":[{"count":3,"href":"https:\/\/wlcu.world\/ng\/wp-json\/wp\/v2\/posts\/1235\/revisions"}],"predecessor-version":[{"id":19859,"href":"https:\/\/wlcu.world\/ng\/wp-json\/wp\/v2\/posts\/1235\/revisions\/19859"}],"wp:attachment":[{"href":"https:\/\/wlcu.world\/ng\/wp-json\/wp\/v2\/media?parent=1235"}],"wp:term":[{"taxonomy":"category","embeddable":true,"href":"https:\/\/wlcu.world\/ng\/wp-json\/wp\/v2\/categories?post=1235"},{"taxonomy":"post_tag","embeddable":true,"href":"https:\/\/wlcu.world\/ng\/wp-json\/wp\/v2\/tags?post=1235"}],"curies":[{"name":"wp","href":"https:\/\/api.w.org\/{rel}","templated":true}]}}