{"id":20457,"date":"2017-04-01T19:28:39","date_gmt":"2017-04-01T16:28:39","guid":{"rendered":"http:\/\/wlcu.com\/ng\/?p=20457"},"modified":"2017-04-01T19:28:39","modified_gmt":"2017-04-01T16:28:39","slug":"mensaje-presidente-global-de-la-conferencia-de-america-latina-en-acapulco","status":"publish","type":"post","link":"https:\/\/wlcu.world\/ng\/20457\/","title":{"rendered":"Mensaje Presidente Global de la Conferencia de Am\u00e9rica Latina en Acapulco"},"content":{"rendered":"<p>Sr. Presidente del Consejo de Hispanoam\u00e9rica y El Caribe Juan Saliba.<\/p>\n<p>Srs. distinguidos funcionarios y miembros de la UCLM.<\/p>\n<p>Perm\u00edtanme saludarlos ya que otra vez se re\u00fanen todos juntos para analizar la situaci\u00f3n de nuestra Uni\u00f3n en general y la de su Consejo en particular, proponer proyectos para el futuro y realizar criticas constructivas sobre todos los pasos que vamos realizando.<\/p>\n<p>De esta forma podremos avanzar y crecer llevando a nuestra Uni\u00f3n a lo m\u00e1s alto en forma democr\u00e1tica como es nuestra costumbre.<\/p>\n<p>Les dije antes que Am\u00e9rica Latina es el coraz\u00f3n de nuestra Instituci\u00f3n y hoy los vuelvo a reiterar la misma frase, sabiendo todo el entusiasmo y el amor que sienten por nuestra Uni\u00f3n y nuestra madre patria.<\/p>\n<p>Mi felicidad era enorme cuando particip\u00e9 en el d\u00eda internacional del Emigrante Libanes en M\u00e9xico, donde tuve el honor de reunirme con los Ex. Presidentes Mundiales Alejandro Kuri Pheres y Bechara Bechara junto a altos dirigentes de nuestra Instituci\u00f3n y de la colectividad libanesa en M\u00e9xico. Cada vez que visito un pa\u00eds de su continente, imagino a aquellos hombres que atravesaron mares para construir un peque\u00f1o L\u00edbano en cada pa\u00eds en este mundo y realmente es muy grato tener ese sentimiento. Espero que muy pronto pueda visitar otros pa\u00edses de su hermoso continente.<\/p>\n<p>Nos espera fuertes retos para el futuro, mantener unida a nuestra Instituci\u00f3n a pesar de todos los inconvenientes que se presentan y poder poner freno a todos los atropellos y la fragmentaci\u00f3n de nuestra Entidad.<\/p>\n<p>Tengo la plena esperanza de que seguir\u00e1n con su estupenda actividad, llevando a nuestra Instituci\u00f3n a lo m\u00e1s alto y les prometo que todas sus inquietudes ser\u00e1n puestos a la orden del d\u00eda en nuestro pr\u00f3ximo congreso mundial.<\/p>\n<p>Por \u00faltimo, estoy orgulloso por su colaboraci\u00f3n con los j\u00f3venes que son el futuro de nuestra Instituci\u00f3n, mi agradecimiento a Claude Geaitani y Sergio De Los Rios Feghali que viajaron al L\u00edbano junto al Secretario General Wissam Kazzi para plasmar los \u00faltimos detalles sobre la visita de la juventud mundial en el pr\u00f3ximo verano.<\/p>\n<p>Mi eterno saludo a todos ustedes y les deseo todo el \u00e9xito en sus actividades y un gran saludo al lector de esta carta el Vice-Presidente Dr. Fernando Helo.<\/p>\n<p>Elias Kassab.<\/p>\n<p>Presidente Mundial ULCM.<\/p>\n","protected":false},"excerpt":{"rendered":"<p>Sr. Presidente del Consejo de Hispanoam\u00e9rica y El Caribe Juan Saliba. Srs. distinguidos funcionarios y miembros de la UCLM. Perm\u00edtanme saludarlos ya que otra vez se re\u00fanen todos juntos para analizar la situaci\u00f3n de nuestra Uni\u00f3n en general y la de su Consejo en particular, proponer proyectos para el futuro y realizar criticas constructivas sobre &#8230;<\/p>\n","protected":false},"author":1,"featured_media":6613,"comment_status":"closed","ping_status":"open","sticky":false,"template":"","format":"standard","meta":{"ngg_post_thumbnail":0,"_jetpack_memberships_contains_paid_content":false,"footnotes":""},"categories":[983,32,992,985],"tags":[],"class_list":["post-20457","post","type-post","status-publish","format-standard","has-post-thumbnail","hentry","category-front-page","category-latin-america","category-wlcu-regions","category-wlcu-world"],"jetpack_featured_media_url":"https:\/\/wlcu.world\/ng\/wp-content\/uploads\/2016\/06\/WP-Elias-Kassab-300x300.jpg","jetpack_sharing_enabled":true,"_links":{"self":[{"href":"https:\/\/wlcu.world\/ng\/wp-json\/wp\/v2\/posts\/20457","targetHints":{"allow":["GET"]}}],"collection":[{"href":"https:\/\/wlcu.world\/ng\/wp-json\/wp\/v2\/posts"}],"about":[{"href":"https:\/\/wlcu.world\/ng\/wp-json\/wp\/v2\/types\/post"}],"author":[{"embeddable":true,"href":"https:\/\/wlcu.world\/ng\/wp-json\/wp\/v2\/users\/1"}],"replies":[{"embeddable":true,"href":"https:\/\/wlcu.world\/ng\/wp-json\/wp\/v2\/comments?post=20457"}],"version-history":[{"count":1,"href":"https:\/\/wlcu.world\/ng\/wp-json\/wp\/v2\/posts\/20457\/revisions"}],"predecessor-version":[{"id":20458,"href":"https:\/\/wlcu.world\/ng\/wp-json\/wp\/v2\/posts\/20457\/revisions\/20458"}],"wp:featuredmedia":[{"embeddable":true,"href":"https:\/\/wlcu.world\/ng\/wp-json\/wp\/v2\/media\/6613"}],"wp:attachment":[{"href":"https:\/\/wlcu.world\/ng\/wp-json\/wp\/v2\/media?parent=20457"}],"wp:term":[{"taxonomy":"category","embeddable":true,"href":"https:\/\/wlcu.world\/ng\/wp-json\/wp\/v2\/categories?post=20457"},{"taxonomy":"post_tag","embeddable":true,"href":"https:\/\/wlcu.world\/ng\/wp-json\/wp\/v2\/tags?post=20457"}],"curies":[{"name":"wp","href":"https:\/\/api.w.org\/{rel}","templated":true}]}}