{"id":23849,"date":"2020-06-23T19:21:13","date_gmt":"2020-06-23T16:21:13","guid":{"rendered":"https:\/\/wlcu.world\/ng\/?p=23849"},"modified":"2020-07-27T00:13:48","modified_gmt":"2020-07-26T21:13:48","slug":"wlcuy-communitytalks","status":"publish","type":"post","link":"https:\/\/wlcu.world\/ng\/23849\/","title":{"rendered":"WLCU Youth #CommunityTalks!"},"content":{"rendered":"<p>The WLCU Youth is hosting webconferences on all kind of topics related to Lebanon and Lebanese culture! Check out the conferences!<br \/>\n<em>La Juventud de la ULCM est\u00e1 realizando videoconferencias donde tratamos una variedad de temas vinculados al L\u00edbano y su cultura, \u00a1dale un vistazo a las conferencias de nuestros invitados!<\/em><\/p>\n<p style=\"padding-left: 30px;\">(ESP) \u00a0<a href=\"https:\/\/wlcu.world\/ng\/blog\/2020\/04\/30\/wlcuy_talks_said_chaya\/\">Prof. Said Chaya &#8211; El L\u00edbano en el laberinto: de la crisis a la esperanza<\/a><br \/>\n(ENG) <a href=\"https:\/\/wlcu.world\/ng\/blog\/2020\/05\/10\/wlcuy_talks_eddy_choueiry\/\">Mr Eddy Choueiry &#8211; The Hidden Lebanese Heritage<\/a><br \/>\n(ESP)\u00a0 <a href=\"https:\/\/wlcu.world\/ng\/blog\/2020\/05\/24\/wlcuy_talks_karen_maron\/\">Ms Karen Maron &#8211; Las implicancias del COVID-19 en Oriente Medio<\/a><br \/>\n(ESP)\u00a0 <a href=\"https:\/\/wlcu.world\/ng\/blog\/2020\/05\/28\/wlcu-youth-community-talks-con-suraia-abud\/\">Ms Suraia Abud &#8211; Del mortero a la memoria: cocinando la(s) cultura(s) del L\u00edbano<\/a><br \/>\n(ENG) <a href=\"https:\/\/wlcu.world\/ng\/blog\/2020\/06\/18\/wlcuy-community-talks-sam-lahoud\/\">Mr Sam Lahoud &#8211; Lebanese Cinema: The Voices of the Youth and Responsible Filmmaking<\/a><br \/>\n(ENG) <a href=\"https:\/\/wlcu.world\/ng\/blog\/2020\/06\/23\/wlcuy-community-talks-habib-chamoun-nicolas\/\">Mr Habib Chamoun &#8211; To Be or Not To Be (Phoenician)<\/a><\/p>\n<p>Stay tuned for the next one!<br \/>\n<em>\u00a1Mant\u00e9nte al tanto de las pr\u00f3ximas charlas!<\/em><\/p>\n<p>&nbsp;<\/p>\n<p><strong>Our latest #CommunityTalk:<br \/>\n<\/strong><em><strong>Nuestra pr\u00f3xima conferencia<\/strong>:<\/em><\/p>\n<p><img loading=\"lazy\" decoding=\"async\" class=\"alignleft wp-image-24164\" src=\"https:\/\/wlcu.world\/ng\/wp-content\/uploads\/2020\/07\/FEED-ES-01-300x300.png\" alt=\"\" width=\"200\" height=\"200\" \/> <img loading=\"lazy\" decoding=\"async\" class=\"alignleft wp-image-24165\" src=\"https:\/\/wlcu.world\/ng\/wp-content\/uploads\/2020\/07\/FEED-ES-02-300x300.png\" alt=\"\" width=\"200\" height=\"200\" srcset=\"https:\/\/wlcu.world\/ng\/wp-content\/uploads\/2020\/07\/FEED-ES-02-300x300.png 300w, https:\/\/wlcu.world\/ng\/wp-content\/uploads\/2020\/07\/FEED-ES-02-150x150.png 150w, https:\/\/wlcu.world\/ng\/wp-content\/uploads\/2020\/07\/FEED-ES-02-768x768.png 768w, https:\/\/wlcu.world\/ng\/wp-content\/uploads\/2020\/07\/FEED-ES-02-1024x1024.png 1024w, https:\/\/wlcu.world\/ng\/wp-content\/uploads\/2020\/07\/FEED-ES-02-70x70.png 70w, https:\/\/wlcu.world\/ng\/wp-content\/uploads\/2020\/07\/FEED-ES-02.png 1080w\" sizes=\"auto, (max-width: 200px) 100vw, 200px\" \/><\/p>\n<p>&nbsp;<\/p>\n<p>&nbsp;<\/p>\n<p>&nbsp;<\/p>\n<p>&nbsp;<\/p>\n<p>&nbsp;<\/p>\n<p>&nbsp;<\/p>\n<p>&nbsp;<\/p>\n<p><strong>Sergio Jalil (Argentina) \u2013 \u201cLas relaciones entre el L\u00edbano y su di\u00e1spora\u201d | &#8220;The relationship between Lebanon and its Diaspora&#8221;<br \/>\n<\/strong><br \/>\n<em><strong><img loading=\"lazy\" decoding=\"async\" class=\"size-medium wp-image-23985 alignnone\" style=\"vertical-align: middle;\" src=\"https:\/\/wlcu.world\/ng\/wp-content\/uploads\/2020\/06\/Flag-Spain.png\" alt=\"\" width=\"25\" height=\"15\" \/>\u00a0<\/strong>La di\u00e1spora ha tenido hist\u00f3ricamente una gran importancia en la vida social, econ\u00f3mica y pol\u00edtica del L\u00edbano y tambi\u00e9n la inestable realidad pol\u00edtica del L\u00edbano ha impactado de igual manera en la emigraci\u00f3n. Para entender esa dial\u00e9ctica, es imprescindible conocer el origen y evoluci\u00f3n de este constante flujo migratorio y su desarrollo hist\u00f3rico y caracter\u00edsticas divergentes para desentramar los encuentros y desencuentros a nivel institucional. La di\u00e1spora y el pueblo libanes han podido sobreponerse a todas las crisis y conflictos que ocurrieron desde la creaci\u00f3n del Estado Libanes hace 100 a\u00f1os, pero la crisis actual coloca a ambos en una situaci\u00f3n particularmente vulnerable y en conflicto con quienes detentan el poder pol\u00edtico y econ\u00f3mico a nivel gobierno. \u00bfSeguir\u00e1 la di\u00e1spora cumpliendo su rol hist\u00f3rico? \u00bfPodr\u00e1 la di\u00e1spora incidir en las decisiones pol\u00edticas y econ\u00f3micas que puedan sacar al L\u00edbano de esta severa crisis? \u00bfC\u00f3mo ser\u00eda el L\u00edbano sin la relaci\u00f3n especial con su di\u00e1spora? \u00bfCu\u00e1l deber\u00eda ser el rol de la di\u00e1spora en la reparaci\u00f3n y reconfiguraci\u00f3n de la vida social, pol\u00edtica y econ\u00f3mica del L\u00edbano?<\/em><\/p>\n<p>Sergio Jalil es Director Ejecutivo Centro de Estudios Libaneses para Am\u00e9rica Latina &#8211; CELIBAL, especialista en Asuntos de Medio Oriente. Profesor en el M\u00e1ster de Estudios Globales de la Universidad de Salamanca (Espa\u00f1a) Programa Ejecutivo de Medio Oriente Contempor\u00e1neo (Universidad Cat\u00f3lica Argentina) y frecuentemente invitado a disertar en diferentes universidades de EEUU y Am\u00e9rica Latina y a participar en entrevistas en diferentes medios. Fue Asesor de Pol\u00edtica Internacional de la Presidencia Argentina entre 1995- 1998. Fundador y Primer Secretario General de la Juventud de la ULCM.<br \/>\nEs Licenciado en Ciencia Pol\u00edtica y Relaciones Internacionales de la Universidad Cat\u00f3lica de C\u00f3rdoba (Argentina) y tiene un Master en Estudios \u00c1rabes y Pol\u00edtica Internacional de Medio Oriente de la Universidad de Georgetown (USA) y diversos certificados acad\u00e9micos sobre Diplomacia Internacional, Resoluci\u00f3n de Conflictos y Religiones Comparadas de Medio Oriente de universidades de Reino Unido, Suiza y Estados Unidos.<\/p>\n<p>&nbsp;<\/p>\n<p><em><strong><img loading=\"lazy\" decoding=\"async\" class=\"alignleft wp-image-24162\" src=\"https:\/\/wlcu.world\/ng\/wp-content\/uploads\/2020\/07\/FEED-EN-01-300x300.png\" alt=\"\" width=\"200\" height=\"200\" srcset=\"https:\/\/wlcu.world\/ng\/wp-content\/uploads\/2020\/07\/FEED-EN-01-300x300.png 300w, https:\/\/wlcu.world\/ng\/wp-content\/uploads\/2020\/07\/FEED-EN-01-150x150.png 150w, https:\/\/wlcu.world\/ng\/wp-content\/uploads\/2020\/07\/FEED-EN-01-768x768.png 768w, https:\/\/wlcu.world\/ng\/wp-content\/uploads\/2020\/07\/FEED-EN-01-1024x1024.png 1024w, https:\/\/wlcu.world\/ng\/wp-content\/uploads\/2020\/07\/FEED-EN-01-70x70.png 70w, https:\/\/wlcu.world\/ng\/wp-content\/uploads\/2020\/07\/FEED-EN-01.png 1080w\" sizes=\"auto, (max-width: 200px) 100vw, 200px\" \/> <img loading=\"lazy\" decoding=\"async\" class=\"alignleft wp-image-24163\" src=\"https:\/\/wlcu.world\/ng\/wp-content\/uploads\/2020\/07\/FEED-EN-02-300x300.png\" alt=\"\" width=\"200\" height=\"200\" srcset=\"https:\/\/wlcu.world\/ng\/wp-content\/uploads\/2020\/07\/FEED-EN-02-300x300.png 300w, https:\/\/wlcu.world\/ng\/wp-content\/uploads\/2020\/07\/FEED-EN-02-150x150.png 150w, https:\/\/wlcu.world\/ng\/wp-content\/uploads\/2020\/07\/FEED-EN-02-768x768.png 768w, https:\/\/wlcu.world\/ng\/wp-content\/uploads\/2020\/07\/FEED-EN-02-1024x1024.png 1024w, https:\/\/wlcu.world\/ng\/wp-content\/uploads\/2020\/07\/FEED-EN-02-70x70.png 70w, https:\/\/wlcu.world\/ng\/wp-content\/uploads\/2020\/07\/FEED-EN-02.png 1080w\" sizes=\"auto, (max-width: 200px) 100vw, 200px\" \/><\/strong><\/em><\/p>\n<p>&nbsp;<\/p>\n<p>&nbsp;<\/p>\n<p>&nbsp;<\/p>\n<p>&nbsp;<\/p>\n<p>&nbsp;<\/p>\n<p>&nbsp;<\/p>\n<p>&nbsp;<\/p>\n<p><em><strong><img loading=\"lazy\" decoding=\"async\" class=\"size-medium wp-image-23985 alignnone\" style=\"vertical-align: middle;\" src=\"https:\/\/wlcu.world\/ng\/wp-content\/uploads\/2020\/06\/Flag-UK.png\" alt=\"\" width=\"25\" height=\"15\" \/>\u00a0<\/strong>The diaspora has historically been of great importance in the social, economic and political life of Lebanon, and the unstable political reality in Lebanon has also had an impact on emigration. To understand this dialectic, it is essential to know the origin and evolution of this constant migratory flow and its historical development and divergent characteristics in order to unravel the encounters and disagreements at the institutional level. The Lebanese diaspora and people have been able to overcome all the crises and conflicts that have occurred since the creation of the Lebanese State 100 years ago, but the current crisis places both in a particularly vulnerable situation and in conflict with those who hold political and economic power at government level. Will the diaspora continue to fulfill its historical role? Will the diaspora be able to influence political and economic decisions that can get Lebanon out of this severe crisis? What would Lebanon be like without the special relationship with its diaspora? What should be the role of the diaspora in repairing and reconfiguring Lebanon&#8217;s social, political and economic life?<br \/>\n<\/em><\/p>\n<p>Sergio Jalil is the Executive Director Center for Lebanese Studies for Latin America (CELIBAL) and a Middle East Affairs Specialist, professor in the Global Studies Master\u2019s Program at the University of Salamanca (Spain), the Executive Program of the Contemporary Middle East (Universidad Cat\u00f3lica Argentina) and frequently invited to speak at different universities in the US and Latin America and to participate in interviews in different media. He was International Policy Advisor to the Argentine Presidency between 1995-1998. Founder and First Secretary General of Youth of the WLCU.<br \/>\nHe has a degree in Political Science and International Relations from the Universidad Cat\u00f3lica de C\u00f3rdoba (Argentina) and has a Master in Arab Studies and International Middle East Policy from Georgetown University (USA) and various academic certificates on International Diplomacy, Conflict Resolution and Comparative Religions of the Middle East from universities in the United Kingdom, Switzerland and the United States.<\/p>\n","protected":false},"excerpt":{"rendered":"<p>The WLCU Youth is hosting webconferences on all kind of topics related to Lebanon and Lebanese culture! Check out the conferences! La Juventud de la ULCM est\u00e1 realizando videoconferencias donde tratamos una variedad de temas vinculados al L\u00edbano y su cultura, \u00a1dale un vistazo a las conferencias de nuestros invitados! (ESP) \u00a0Prof. Said Chaya &#8211; &#8230;<\/p>\n","protected":false},"author":33,"featured_media":23629,"comment_status":"closed","ping_status":"open","sticky":false,"template":"","format":"standard","meta":{"ngg_post_thumbnail":0,"_jetpack_memberships_contains_paid_content":false,"footnotes":""},"categories":[983,40],"tags":[],"class_list":["post-23849","post","type-post","status-publish","format-standard","has-post-thumbnail","hentry","category-front-page","category-youth"],"jetpack_featured_media_url":"https:\/\/wlcu.world\/ng\/wp-content\/uploads\/2020\/01\/WLCU-Youth-Logo-PNG-e1593041442831.png","jetpack_sharing_enabled":true,"_links":{"self":[{"href":"https:\/\/wlcu.world\/ng\/wp-json\/wp\/v2\/posts\/23849","targetHints":{"allow":["GET"]}}],"collection":[{"href":"https:\/\/wlcu.world\/ng\/wp-json\/wp\/v2\/posts"}],"about":[{"href":"https:\/\/wlcu.world\/ng\/wp-json\/wp\/v2\/types\/post"}],"author":[{"embeddable":true,"href":"https:\/\/wlcu.world\/ng\/wp-json\/wp\/v2\/users\/33"}],"replies":[{"embeddable":true,"href":"https:\/\/wlcu.world\/ng\/wp-json\/wp\/v2\/comments?post=23849"}],"version-history":[{"count":25,"href":"https:\/\/wlcu.world\/ng\/wp-json\/wp\/v2\/posts\/23849\/revisions"}],"predecessor-version":[{"id":24172,"href":"https:\/\/wlcu.world\/ng\/wp-json\/wp\/v2\/posts\/23849\/revisions\/24172"}],"wp:featuredmedia":[{"embeddable":true,"href":"https:\/\/wlcu.world\/ng\/wp-json\/wp\/v2\/media\/23629"}],"wp:attachment":[{"href":"https:\/\/wlcu.world\/ng\/wp-json\/wp\/v2\/media?parent=23849"}],"wp:term":[{"taxonomy":"category","embeddable":true,"href":"https:\/\/wlcu.world\/ng\/wp-json\/wp\/v2\/categories?post=23849"},{"taxonomy":"post_tag","embeddable":true,"href":"https:\/\/wlcu.world\/ng\/wp-json\/wp\/v2\/tags?post=23849"}],"curies":[{"name":"wp","href":"https:\/\/api.w.org\/{rel}","templated":true}]}}