{"id":24076,"date":"2020-07-20T20:48:00","date_gmt":"2020-07-20T17:48:00","guid":{"rendered":"https:\/\/wlcu.world\/ng\/?p=24076"},"modified":"2021-01-20T16:19:51","modified_gmt":"2021-01-20T14:19:51","slug":"wlcuy-un","status":"publish","type":"post","link":"https:\/\/wlcu.world\/ng\/24076\/","title":{"rendered":"WLCU Youth Active with UN and NGO Initiatives"},"content":{"rendered":"<p><strong><img loading=\"lazy\" decoding=\"async\" class=\"size-medium wp-image-23985 alignnone\" style=\"vertical-align: middle;\" src=\"https:\/\/wlcu.world\/ng\/wp-content\/uploads\/2020\/06\/Flag-UK.png\" alt=\"\" width=\"25\" height=\"15\" \/>\u00a0ENGLISH VERSION<\/strong><br \/>\nTo further strengthen the ties that allow for the continuous progress of our organization and its positive impact on Lebanon, and to encourage the active involvement of the WLCU Youth through the UN, the WLCUY has formed a commission to actively take part in youth-led UN initiatives, working in full coordination with the <a href=\"https:\/\/wlcu.world\/ng\/n-g-o\/\">WLCU NGO Committee<\/a> and the WLCUY Board. Throught active involvement in initiatives aligned with <a href=\"https:\/\/www.un.org\/sustainabledevelopment\/sustainable-development-goals\/\">UN&#8217;s Sustainable Development Goals (SDGs)<\/a>, the commission&#8217;s drive to generate a positive impact on Lebanon from abroad.<\/p>\n<p>Be sure to expect updates on the initiatives coming your way soon! For the time being, make sure to meet the talented members!<\/p>\n<div class=\"entry\">\n<p><strong><img loading=\"lazy\" decoding=\"async\" class=\"size-medium wp-image-23985 alignnone\" style=\"vertical-align: middle;\" src=\"https:\/\/wlcu.world\/ng\/wp-content\/uploads\/2020\/06\/Flag-Spain.png\" alt=\"\" width=\"25\" height=\"15\" \/>\u00a0VERSI\u00d3N EN ESPA\u00d1OL<br \/>\n<\/strong>Para seguir fotaleciendo los lazos que permiten el progreso continuo de nuestra organizaci\u00f3n y el impacto positivo sobre el L\u00edbano, y para alentar la participaci\u00f3n activa de los j\u00f3venes de la Uni\u00f3n Libanesa Cultural Mundial en a trav\u00e9s de las Naciones Unidas, la WLCUY ha formado una comisi\u00f3n para participar activamente en iniciativas de la ONU dirigidas por j\u00f3venes, trabajando en coordinaci\u00f3n con el <a href=\"https:\/\/wlcu.world\/ng\/n-g-o\/\">Comit\u00e9 ONG de la ULCM<\/a> y la directiva de WLCUY. A trav\u00e9s de la participaci\u00f3n activa en iniciativas alineadas con los <a href=\"https:\/\/www.un.org\/sustainabledevelopment\/es\/objetivos-de-desarrollo-sostenible\/\">Objetivos de Desarrollo Sostenible (ODS) de las Naciones Unidas<\/a>, el impulso de la comisi\u00f3n para generar un impacto positivo en el L\u00edbano desde la emigraci\u00f3n.<\/p>\n<p>No duden que pronto vendran m\u00e1s noticias sobre las iniciativas! Por el momento, aseg\u00farate de conocer a los talentosos miembros de la comisi\u00f3n!<\/p>\n<p>&nbsp;<\/p>\n<\/div>\n<p><img loading=\"lazy\" decoding=\"async\" class=\"alignleft wp-image-24136\" src=\"https:\/\/wlcu.world\/ng\/wp-content\/uploads\/2020\/07\/WhatsApp-Image-2020-07-20-at-12.38.53-e1595267038519-300x277.jpeg\" alt=\"\" width=\"210\" height=\"194\" srcset=\"https:\/\/wlcu.world\/ng\/wp-content\/uploads\/2020\/07\/WhatsApp-Image-2020-07-20-at-12.38.53-e1595267038519-300x277.jpeg 300w, https:\/\/wlcu.world\/ng\/wp-content\/uploads\/2020\/07\/WhatsApp-Image-2020-07-20-at-12.38.53-e1595267038519.jpeg 674w\" sizes=\"auto, (max-width: 210px) 100vw, 210px\" \/><\/p>\n<p><strong>Ms. Rima Cario (Coordinator) &#8211; USA<\/strong><\/p>\n<p><img loading=\"lazy\" decoding=\"async\" class=\"size-medium wp-image-23985 alignnone\" style=\"vertical-align: middle;\" src=\"https:\/\/wlcu.world\/ng\/wp-content\/uploads\/2020\/06\/Flag-UK.png\" alt=\"\" width=\"20\" height=\"10\" \/>\u00a0I&#8217;ve\u00a0been an active member of the WLCU since 2015 serving as a youth representative at the United Nations Department of Public Information (DPI) and later moving on to represent the WLCU at the Economic and Social Council (ECOSOC) for three years. I was also a member of the WLCU World Council for Youth, serving as Treasurer,\u00a0former president for the WLCUY New Jersey Council and I&#8217;m currently serving as WLCU New Jersey Secretary.<\/p>\n<p><strong><img loading=\"lazy\" decoding=\"async\" class=\"size-medium wp-image-23985 alignnone\" style=\"vertical-align: middle;\" src=\"https:\/\/wlcu.world\/ng\/wp-content\/uploads\/2020\/06\/Flag-Spain.png\" alt=\"\" width=\"20\" height=\"10\" \/><\/strong>\u00a0He sido un miembro activo de la ULCM desde 2015, como representante de la juventud en el Departamento de Informaci\u00f3n P\u00fablica de las Naciones Unidas (DPI) y luego pas\u00e9 a representar a la ULCM en el Consejo Econ\u00f3mico y Social (ECOSOC) durante tres a\u00f1os. Tambi\u00e9n fui parte de la directiva del Consejo Mundial de la Juventud de la ULCM como Tesorera, ex presidente del cap\u00edtulo WLCUY Nueva Jersey y actualmente soy Secretaria de la WLCU de Nueva Jersey.<\/p>\n<p>&nbsp;<\/p>\n<p><strong><img loading=\"lazy\" decoding=\"async\" class=\"wp-image-24078 alignleft\" src=\"https:\/\/wlcu.world\/ng\/wp-content\/uploads\/2020\/07\/ARG-Emily-Montenegro-Seade-e1594012553658-300x300.jpeg\" alt=\"\" width=\"210\" height=\"209\" srcset=\"https:\/\/wlcu.world\/ng\/wp-content\/uploads\/2020\/07\/ARG-Emily-Montenegro-Seade-e1594012553658-300x300.jpeg 300w, https:\/\/wlcu.world\/ng\/wp-content\/uploads\/2020\/07\/ARG-Emily-Montenegro-Seade-e1594012553658-150x150.jpeg 150w, https:\/\/wlcu.world\/ng\/wp-content\/uploads\/2020\/07\/ARG-Emily-Montenegro-Seade-e1594012553658-768x764.jpeg 768w, https:\/\/wlcu.world\/ng\/wp-content\/uploads\/2020\/07\/ARG-Emily-Montenegro-Seade-e1594012553658-70x70.jpeg 70w, https:\/\/wlcu.world\/ng\/wp-content\/uploads\/2020\/07\/ARG-Emily-Montenegro-Seade-e1594012553658.jpeg 818w\" sizes=\"auto, (max-width: 210px) 100vw, 210px\" \/><\/strong><\/p>\n<p><strong>Ms. Emily Montenegro Seadi &#8211; Argentina<\/strong><br \/>\n<strong><img loading=\"lazy\" decoding=\"async\" class=\"size-medium wp-image-23985 alignnone\" style=\"vertical-align: middle;\" src=\"https:\/\/wlcu.world\/ng\/wp-content\/uploads\/2020\/06\/Flag-UK.png\" alt=\"\" width=\"20\" height=\"10\" \/>\u00a0<\/strong>I&#8217;m an\u00a0Argentinian-lebanese lawyer and have been a member of <a href=\"https:\/\/www.facebook.com\/jucalnacional\/\">JUCAL<\/a> for the last six years and counting. Passionate for international relations, I dedicate part of my time to the Academic Research on International Law as well as being the Regional Coordinator for South America in an International Security NGO. Fluent in English, Spanish and French (Arabic is next!), I look forward to continue contributing and honouring my Lebanese grandparents through the amazing youth organization that has received me all these years.<\/p>\n<p><strong><img loading=\"lazy\" decoding=\"async\" class=\"size-medium wp-image-23985 alignnone\" style=\"vertical-align: middle;\" src=\"https:\/\/wlcu.world\/ng\/wp-content\/uploads\/2020\/06\/Flag-Spain.png\" alt=\"\" width=\"20\" height=\"10\" \/><\/strong>\u00a0Soy abogada argentino-libanesa y he sido miembro de <a href=\"https:\/\/www.facebook.com\/jucalnacional\/\">JUCAL<\/a> durante los \u00faltimos seis a\u00f1os y seguimos contando. Apasionada por las relaciones internacionales, dedico parte de mi tiempo a la investigaci\u00f3n acad\u00e9mica en Derecho Internacional, adem\u00e1s de ser el Coordinador Regional para Am\u00e9rica del Sur en una ONG de Seguridad Internacional. Domino el ingl\u00e9s, espa\u00f1ol y franc\u00e9s (\u00a1el \u00e1rabe es el pr\u00f3ximo!), y espero continuar contribuyendo y honrando a mis abuelos libaneses a trav\u00e9s de la incre\u00edble organizaci\u00f3n de juventud que me ha recibido todos estos a\u00f1os.<\/p>\n<p>&nbsp;<\/p>\n<p><strong><img loading=\"lazy\" decoding=\"async\" class=\"alignleft wp-image-24079\" src=\"https:\/\/wlcu.world\/ng\/wp-content\/uploads\/2020\/07\/CHI-Jose-Tom\u00e1s-Pacheco-Juri-290x300.jpg\" alt=\"\" width=\"210\" height=\"218\" srcset=\"https:\/\/wlcu.world\/ng\/wp-content\/uploads\/2020\/07\/CHI-Jose-Tom\u00e1s-Pacheco-Juri-290x300.jpg 290w, https:\/\/wlcu.world\/ng\/wp-content\/uploads\/2020\/07\/CHI-Jose-Tom\u00e1s-Pacheco-Juri-768x796.jpg 768w, https:\/\/wlcu.world\/ng\/wp-content\/uploads\/2020\/07\/CHI-Jose-Tom\u00e1s-Pacheco-Juri.jpg 772w\" sizes=\"auto, (max-width: 210px) 100vw, 210px\" \/><br \/>\nMr. Jos\u00e9 Tom\u00e1s Pachecho Juri &#8211; Chile<\/strong><br \/>\n<strong><img loading=\"lazy\" decoding=\"async\" class=\"size-medium wp-image-23985 alignnone\" style=\"vertical-align: middle;\" src=\"https:\/\/wlcu.world\/ng\/wp-content\/uploads\/2020\/06\/Flag-UK.png\" alt=\"\" width=\"20\" height=\"10\" \/><\/strong>\u00a0My name is Jos\u00e9 Tom\u00e1s Pacheco Juri, my goals are to spread the culture, language, and history of Lebanon throughout the world and especially in the diaspora. We, the young diaspora, have an important role in the development and growth of Lebanon in the next few years.<\/p>\n<p>I have experience in UN Models as a participant and organizer. I am part of national (Diplolab) and international initiatives (World Commission of the Maronite Foundation) to preserve, publish and disseminate knowledge of diplomacy in general and the current context of our land.<\/p>\n<p><strong><img loading=\"lazy\" decoding=\"async\" class=\"size-medium wp-image-23985 alignnone\" style=\"vertical-align: middle;\" src=\"https:\/\/wlcu.world\/ng\/wp-content\/uploads\/2020\/06\/Flag-Spain.png\" alt=\"\" width=\"20\" height=\"10\" \/><\/strong>\u00a0Mi nombre es Jos\u00e9 Tom\u00e1s Pacheco Juri, mis objetivos son difundir la cultura, el idioma y la historia del L\u00edbano en todo el mundo y especialmente en la di\u00e1spora. Nosotros, la joven di\u00e1spora, tenemos un importante rol en el desarrollo y el crecimiento del L\u00edbano en los pr\u00f3ximos a\u00f1os.<\/p>\n<p>Tengo experiencia en &#8220;UN Models&#8221; como participante y organizador. Soy parte de iniciativas nacionales (Diplolab) e internacionales (Comisi\u00f3n Mundial de la Fundaci\u00f3n Maronita) para preservar, publicar y difundir el conocimiento de la diplomacia en general y el contexto actual de nuestra tierra.<\/p>\n<p>&nbsp;<\/p>\n<p><img loading=\"lazy\" decoding=\"async\" class=\"alignleft wp-image-24095\" src=\"https:\/\/wlcu.world\/ng\/wp-content\/uploads\/2020\/07\/WLCU-UN-Mary-Saliba-212x300.jpeg\" alt=\"\" width=\"210\" height=\"297\" srcset=\"https:\/\/wlcu.world\/ng\/wp-content\/uploads\/2020\/07\/WLCU-UN-Mary-Saliba-212x300.jpeg 212w, https:\/\/wlcu.world\/ng\/wp-content\/uploads\/2020\/07\/WLCU-UN-Mary-Saliba.jpeg 640w\" sizes=\"auto, (max-width: 210px) 100vw, 210px\" \/><\/p>\n<p><strong>Ms. Mary Saliba &#8211; Denmark<br \/>\n<\/strong><strong><img loading=\"lazy\" decoding=\"async\" class=\"size-medium wp-image-23985 alignnone\" style=\"vertical-align: middle;\" src=\"https:\/\/wlcu.world\/ng\/wp-content\/uploads\/2020\/06\/Flag-UK.png\" alt=\"\" width=\"20\" height=\"10\" \/><\/strong>\u00a0Through the UN commitee I wish to give the crisis and difficult issues in Lebanon a higher voice.<br \/>\nI study Business Administration and Corporate Law and want to shed light on the economical issues in Lebanon and create possible ideas to how they can be tackled. Furthermore I want to use my experience as President for the <a href=\"https:\/\/www.instagram.com\/lebanese_in_denmark\/\">WLCU Youth chapter in Denmark<\/a> to represent Lebanon and its core values outside of its own borders.<\/p>\n<p><strong><img loading=\"lazy\" decoding=\"async\" class=\"size-medium wp-image-23985 alignnone\" style=\"vertical-align: middle;\" src=\"https:\/\/wlcu.world\/ng\/wp-content\/uploads\/2020\/06\/Flag-Spain.png\" alt=\"\" width=\"20\" height=\"10\" \/>\u00a0<\/strong>A trav\u00e9s del comit\u00e9 de la ONU, deseo dar una voz m\u00e1s fuerte a la crisis y los problemas dif\u00edciles en el L\u00edbano.\u00a0Estudio administraci\u00f3n de empresas y derecho corporativo, y quiero arrojar luz sobre los problemas econ\u00f3micos en el L\u00edbano y aportar posibles ideas sobre c\u00f3mo se pueden abordar. Adem\u00e1s, quiero usar mi experiencia como Presidente del <a href=\"https:\/\/www.instagram.com\/lebanese_in_denmark\/\">cap\u00edtulo de Juventud ULCM en Dinamarca<\/a> para representar al L\u00edbano y sus valores centrales fuera de sus propias fronteras.<\/p>\n<p>&nbsp;<\/p>\n<p><img loading=\"lazy\" decoding=\"async\" class=\"alignleft wp-image-24094\" src=\"https:\/\/wlcu.world\/ng\/wp-content\/uploads\/2020\/07\/WLCU-UN-Nayib-Chalela-300x225.jpg\" alt=\"\" width=\"210\" height=\"157\" srcset=\"https:\/\/wlcu.world\/ng\/wp-content\/uploads\/2020\/07\/WLCU-UN-Nayib-Chalela-300x225.jpg 300w, https:\/\/wlcu.world\/ng\/wp-content\/uploads\/2020\/07\/WLCU-UN-Nayib-Chalela.jpg 681w\" sizes=\"auto, (max-width: 210px) 100vw, 210px\" \/><\/p>\n<p><strong>Mr. Nayib Chalela Ambrad &#8211; Colombia<br \/>\n<\/strong><strong><img loading=\"lazy\" decoding=\"async\" class=\"size-medium wp-image-23985 alignnone\" style=\"vertical-align: middle;\" src=\"https:\/\/wlcu.world\/ng\/wp-content\/uploads\/2020\/06\/Flag-UK.png\" alt=\"\" width=\"20\" height=\"10\" \/><\/strong>\u00a0 I&#8217;m an International human rights lawyer with experience working in NGOs and Courts in topics such as children\u2019s rights, right to food, right to health and international humanitarian law. Colombian and proudly Lebanese, I am delighted to be able to put my knowledge and experience in favour of the Lebanese community.<\/p>\n<p><strong><img loading=\"lazy\" decoding=\"async\" class=\"size-medium wp-image-23985 alignnone\" style=\"vertical-align: middle;\" src=\"https:\/\/wlcu.world\/ng\/wp-content\/uploads\/2020\/06\/Flag-Spain.png\" alt=\"\" width=\"20\" height=\"10\" \/>\u00a0<\/strong>Soy un abogado internacional de derechos humanos con experiencia trabajando en ONGs y tribunales en temas como los derechos del ni\u00f1o, el derecho a la alimentaci\u00f3n, el derecho a la salud y el derecho internacional humanitario. Colombiano y orgullosamente libanes, estoy encantado de poder poner mi conocimiento y experiencia a favor de la comunidad libanesa en el mundo.<\/p>\n<p>&nbsp;<\/p>\n<p><strong><img loading=\"lazy\" decoding=\"async\" class=\"alignleft wp-image-24119 size-medium\" src=\"https:\/\/wlcu.world\/ng\/wp-content\/uploads\/2020\/07\/UN-Alec-Naaman-e1594923433737-150x300.jpg\" alt=\"\" width=\"150\" height=\"300\" srcset=\"https:\/\/wlcu.world\/ng\/wp-content\/uploads\/2020\/07\/UN-Alec-Naaman-e1594923433737-150x300.jpg 150w, https:\/\/wlcu.world\/ng\/wp-content\/uploads\/2020\/07\/UN-Alec-Naaman-e1594923433737.jpg 235w\" sizes=\"auto, (max-width: 150px) 100vw, 150px\" \/>Mr. Alec Naaman &#8211; USA<br \/>\n<\/strong><strong><img loading=\"lazy\" decoding=\"async\" class=\"size-medium wp-image-23985 alignnone\" style=\"vertical-align: middle;\" src=\"https:\/\/wlcu.world\/ng\/wp-content\/uploads\/2020\/06\/Flag-UK.png\" alt=\"\" width=\"20\" height=\"10\" \/><\/strong>\u00a0Current president of the WLCU Youth New York Chapter, I was born and raised in New York, USA. I studied Public Relations, Advertising, and Cross Cultural Psychology at Saint Francis College, and have had the opportunity to participate in UN related WLCU activities prior to the formation of this commission and awm proud and thankful for the opportunity to continue service through this initiative.<\/p>\n<p><strong><img loading=\"lazy\" decoding=\"async\" class=\"size-medium wp-image-23985 alignnone\" style=\"vertical-align: middle;\" src=\"https:\/\/wlcu.world\/ng\/wp-content\/uploads\/2020\/06\/Flag-Spain.png\" alt=\"\" width=\"20\" height=\"10\" \/><\/strong>\u00a0Actual presidente del Cap\u00edtulo de Juventud ULCM de Nueva York, nac\u00ed y crec\u00ed en Nueva York, EE. UU. Estudi\u00e9 relaciones p\u00fablicas, publicidad y psicolog\u00eda transcultural en Saint Francis College, y he tenido la oportunidad de participar en actividades de la ULCM relacionadas con la ONU antes de la formaci\u00f3n de esta comisi\u00f3n y estoy muy orgulloso y agradecido por la oportunidad de continuar el servicio a trav\u00e9s de esta iniciativa.<\/p>\n","protected":false},"excerpt":{"rendered":"<p>\u00a0ENGLISH VERSION To further strengthen the ties that allow for the continuous progress of our organization and its positive impact on Lebanon, and to encourage the active involvement of the WLCU Youth through the UN, the WLCUY has formed a commission to actively take part in youth-led UN initiatives, working in full coordination with the &#8230;<\/p>\n","protected":false},"author":33,"featured_media":23629,"comment_status":"closed","ping_status":"open","sticky":false,"template":"","format":"standard","meta":{"ngg_post_thumbnail":0,"_jetpack_memberships_contains_paid_content":false,"footnotes":""},"categories":[983,38,40],"tags":[],"class_list":["post-24076","post","type-post","status-publish","format-standard","has-post-thumbnail","hentry","category-front-page","category-united-nations","category-youth"],"jetpack_featured_media_url":"https:\/\/wlcu.world\/ng\/wp-content\/uploads\/2020\/01\/WLCU-Youth-Logo-PNG-e1593041442831.png","jetpack_sharing_enabled":true,"_links":{"self":[{"href":"https:\/\/wlcu.world\/ng\/wp-json\/wp\/v2\/posts\/24076","targetHints":{"allow":["GET"]}}],"collection":[{"href":"https:\/\/wlcu.world\/ng\/wp-json\/wp\/v2\/posts"}],"about":[{"href":"https:\/\/wlcu.world\/ng\/wp-json\/wp\/v2\/types\/post"}],"author":[{"embeddable":true,"href":"https:\/\/wlcu.world\/ng\/wp-json\/wp\/v2\/users\/33"}],"replies":[{"embeddable":true,"href":"https:\/\/wlcu.world\/ng\/wp-json\/wp\/v2\/comments?post=24076"}],"version-history":[{"count":20,"href":"https:\/\/wlcu.world\/ng\/wp-json\/wp\/v2\/posts\/24076\/revisions"}],"predecessor-version":[{"id":24295,"href":"https:\/\/wlcu.world\/ng\/wp-json\/wp\/v2\/posts\/24076\/revisions\/24295"}],"wp:featuredmedia":[{"embeddable":true,"href":"https:\/\/wlcu.world\/ng\/wp-json\/wp\/v2\/media\/23629"}],"wp:attachment":[{"href":"https:\/\/wlcu.world\/ng\/wp-json\/wp\/v2\/media?parent=24076"}],"wp:term":[{"taxonomy":"category","embeddable":true,"href":"https:\/\/wlcu.world\/ng\/wp-json\/wp\/v2\/categories?post=24076"},{"taxonomy":"post_tag","embeddable":true,"href":"https:\/\/wlcu.world\/ng\/wp-json\/wp\/v2\/tags?post=24076"}],"curies":[{"name":"wp","href":"https:\/\/api.w.org\/{rel}","templated":true}]}}