{"id":26822,"date":"2024-05-04T14:33:10","date_gmt":"2024-05-04T18:33:10","guid":{"rendered":"https:\/\/wlcu.world\/ng\/?p=26822"},"modified":"2024-05-04T14:51:45","modified_gmt":"2024-05-04T18:51:45","slug":"le-liban-au-coeur-de-vanves-france","status":"publish","type":"post","link":"https:\/\/wlcu.world\/ng\/26822\/","title":{"rendered":"Le Liban au c\u0153ur de Vanves (France)"},"content":{"rendered":"<p style=\"text-align: left;\">La culture libanaise \u00e9tait \u00e0 l&#8217;honneur \u00e0 Vanves avec une journ\u00e9e \u00e0 la fois festive et caritative<br \/>\nOrganis\u00e9e par Union Liban-Vanves, le Samedi 27 avril, \u00e0 laquelle a particip\u00e9e un bon nombre des associations franco-libanaises.<br \/>\n<strong>L&#8217;ULCM \u00e9tait vivement pr\u00e9sente \u00e0 travers son stand dirig\u00e9 par son pr\u00e9sident en France Younane Nassif et la pr\u00e9sence du pr\u00e9sident mondial Roger Hani, le secr\u00e9taire G\u00e9n\u00e9ral Mondial Georges Abi Raad et nombreux membres du bureau en France et des associations affili\u00e9es.<\/strong><br \/>\n<strong>Nous avons expos\u00e9 aux visiteurs les activit\u00e9s et les projets que l\u2019ULCM organise partout dans le monde y compris LEBolution et de la Carte d\u2019adh\u00e9sion et de fid\u00e9lit\u00e9 et nous avons projet\u00e9 sur le grand \u00e9cran un clip vid\u00e9o sur la visite organis\u00e9e par l\u2019ULCM des 150 jeunes d\u2019origine libanaise dans le cadre du programme LEBolution pour leur faire connaitre le pays de leurs anc\u00eatres.<\/strong><br \/>\nLa journ\u00e9e a \u00e9t\u00e9 marqu\u00e9e par une intervention de M. Bahjat Rizk l\u2019attach\u00e9 culturel de la d\u00e9l\u00e9gation Du Liban aupr\u00e8s de l\u2019UNESCO autour de l\u2019histoire des Ph\u00e9niciens et leur alphabet, suivie par un d\u00e9fil\u00e9 des costumes repr\u00e9sentatifs de toutes les \u00e9poques, allant de l\u2019aire des ph\u00e9niciens jusqu\u2019\u00e0 la p\u00e9riode de l\u2019Emirat du Mont Liban, organis\u00e9 par Elie Aouad (association Leba).<br \/>\nLa soir\u00e9e s\u2019est termin\u00e9e en beaut\u00e9 par une f\u00eate libanaise anim\u00e9e par le chanteur Adham Chalhoub et d\u2019une de \u00ab Dabk\u00e9 \u00e0 Paris \u00bb.<\/p>\n<p style=\"text-align: center;\">*****<\/p>\n<p><strong>Lebanon in the heart of Vanves (France)<\/strong><br \/>\nThe Lebanese culture was in the spotlight in Vanves with a day, that was both festive and charitable,<br \/>\norganized by \u201cUnion Liban-Vanves\u201d, on Saturday April 27, in which a good number of Franco-Lebanese associations participated.<br \/>\n<strong>The WLCU was strongly present through its stand led by its president in France Younane Nassif and the presence of the world president Roger Hani, the world secretary general Georges Abi Raad and numerous members of the office in France and the affiliated associations.<\/strong><br \/>\n<strong>We exposed to visitors the activities and projects that the WLCU organizes around the world including LEBolution and Membership Card, and we projected on the big screen a video clip on the visit organized by the WLCU of 150 young people of Lebanese origin as part of the LEBolution program to make them know the country of their ancestors.<\/strong><br \/>\nThe day was marked by a speech by Mr. Bahjat Rizk, the cultural attach\u00e9 of the Lebanese delegation to UNESCO, on the history of the Phoenicians and their alphabet, followed by a parade of costumes representative of all eras, ranging from the Phoenicians\u2019 one until the period of the Emirate of Mount Lebanon, organized by Elie Aouad (Leba association).<br \/>\nThe evening ended with a Lebanese party hosted by singer Adham Chalhoub and \u201cDabk\u00e9 \u00e0 Paris\u201d band.<\/p>\n<p>&nbsp; <img loading=\"lazy\" decoding=\"async\" class=\"alignnone size-medium wp-image-26799\" src=\"https:\/\/wlcu.world\/ng\/wp-content\/uploads\/2024\/05\/001-300x200.jpg\" alt=\"\" width=\"300\" height=\"200\" srcset=\"https:\/\/wlcu.world\/ng\/wp-content\/uploads\/2024\/05\/001-300x200.jpg 300w, https:\/\/wlcu.world\/ng\/wp-content\/uploads\/2024\/05\/001-768x511.jpg 768w, https:\/\/wlcu.world\/ng\/wp-content\/uploads\/2024\/05\/001-500x333.jpg 500w, https:\/\/wlcu.world\/ng\/wp-content\/uploads\/2024\/05\/001.jpg 960w\" sizes=\"auto, (max-width: 300px) 100vw, 300px\" \/><img loading=\"lazy\" decoding=\"async\" class=\"alignnone size-medium wp-image-26803\" src=\"https:\/\/wlcu.world\/ng\/wp-content\/uploads\/2024\/05\/006-300x225.jpg\" alt=\"\" width=\"300\" height=\"225\" srcset=\"https:\/\/wlcu.world\/ng\/wp-content\/uploads\/2024\/05\/006-300x225.jpg 300w, https:\/\/wlcu.world\/ng\/wp-content\/uploads\/2024\/05\/006-1024x768.jpg 1024w, https:\/\/wlcu.world\/ng\/wp-content\/uploads\/2024\/05\/006-768x576.jpg 768w, https:\/\/wlcu.world\/ng\/wp-content\/uploads\/2024\/05\/006-1536x1152.jpg 1536w, https:\/\/wlcu.world\/ng\/wp-content\/uploads\/2024\/05\/006-500x375.jpg 500w, https:\/\/wlcu.world\/ng\/wp-content\/uploads\/2024\/05\/006.jpg 2048w\" sizes=\"auto, (max-width: 300px) 100vw, 300px\" \/><img loading=\"lazy\" decoding=\"async\" class=\"alignnone size-medium wp-image-26813\" src=\"https:\/\/wlcu.world\/ng\/wp-content\/uploads\/2024\/05\/016-300x140.jpeg\" alt=\"\" width=\"300\" height=\"140\" srcset=\"https:\/\/wlcu.world\/ng\/wp-content\/uploads\/2024\/05\/016-300x140.jpeg 300w, https:\/\/wlcu.world\/ng\/wp-content\/uploads\/2024\/05\/016-768x359.jpeg 768w, https:\/\/wlcu.world\/ng\/wp-content\/uploads\/2024\/05\/016-500x234.jpeg 500w, https:\/\/wlcu.world\/ng\/wp-content\/uploads\/2024\/05\/016.jpeg 1000w\" sizes=\"auto, (max-width: 300px) 100vw, 300px\" \/><img loading=\"lazy\" decoding=\"async\" class=\"alignnone size-medium wp-image-26817\" src=\"https:\/\/wlcu.world\/ng\/wp-content\/uploads\/2024\/05\/020-300x140.jpeg\" alt=\"\" width=\"300\" height=\"140\" srcset=\"https:\/\/wlcu.world\/ng\/wp-content\/uploads\/2024\/05\/020-300x140.jpeg 300w, https:\/\/wlcu.world\/ng\/wp-content\/uploads\/2024\/05\/020-768x359.jpeg 768w, https:\/\/wlcu.world\/ng\/wp-content\/uploads\/2024\/05\/020-500x234.jpeg 500w, https:\/\/wlcu.world\/ng\/wp-content\/uploads\/2024\/05\/020.jpeg 1000w\" sizes=\"auto, (max-width: 300px) 100vw, 300px\" \/><\/p>\nngg_shortcode_0_placeholder\n","protected":false},"excerpt":{"rendered":"<p>La culture libanaise \u00e9tait \u00e0 l&#8217;honneur \u00e0 Vanves avec une journ\u00e9e \u00e0 la fois festive et caritative Organis\u00e9e par Union Liban-Vanves, le Samedi 27 avril, \u00e0 laquelle a particip\u00e9e un bon nombre des associations franco-libanaises. L&#8217;ULCM \u00e9tait vivement pr\u00e9sente \u00e0 travers son stand dirig\u00e9 par son pr\u00e9sident en France Younane Nassif et la pr\u00e9sence du &#8230;<\/p>\n","protected":false},"author":42,"featured_media":26823,"comment_status":"closed","ping_status":"open","sticky":false,"template":"","format":"standard","meta":{"ngg_post_thumbnail":0,"_jetpack_memberships_contains_paid_content":false,"footnotes":""},"categories":[31,983,1049,985],"tags":[],"class_list":["post-26822","post","type-post","status-publish","format-standard","has-post-thumbnail","hentry","category-europe","category-front-page","category-slider","category-wlcu-world"],"jetpack_featured_media_url":"https:\/\/wlcu.world\/ng\/wp-content\/uploads\/2024\/05\/Liban-au-coeur-de-vanves-r.jpg","jetpack_sharing_enabled":true,"_links":{"self":[{"href":"https:\/\/wlcu.world\/ng\/wp-json\/wp\/v2\/posts\/26822","targetHints":{"allow":["GET"]}}],"collection":[{"href":"https:\/\/wlcu.world\/ng\/wp-json\/wp\/v2\/posts"}],"about":[{"href":"https:\/\/wlcu.world\/ng\/wp-json\/wp\/v2\/types\/post"}],"author":[{"embeddable":true,"href":"https:\/\/wlcu.world\/ng\/wp-json\/wp\/v2\/users\/42"}],"replies":[{"embeddable":true,"href":"https:\/\/wlcu.world\/ng\/wp-json\/wp\/v2\/comments?post=26822"}],"version-history":[{"count":11,"href":"https:\/\/wlcu.world\/ng\/wp-json\/wp\/v2\/posts\/26822\/revisions"}],"predecessor-version":[{"id":26861,"href":"https:\/\/wlcu.world\/ng\/wp-json\/wp\/v2\/posts\/26822\/revisions\/26861"}],"wp:featuredmedia":[{"embeddable":true,"href":"https:\/\/wlcu.world\/ng\/wp-json\/wp\/v2\/media\/26823"}],"wp:attachment":[{"href":"https:\/\/wlcu.world\/ng\/wp-json\/wp\/v2\/media?parent=26822"}],"wp:term":[{"taxonomy":"category","embeddable":true,"href":"https:\/\/wlcu.world\/ng\/wp-json\/wp\/v2\/categories?post=26822"},{"taxonomy":"post_tag","embeddable":true,"href":"https:\/\/wlcu.world\/ng\/wp-json\/wp\/v2\/tags?post=26822"}],"curies":[{"name":"wp","href":"https:\/\/api.w.org\/{rel}","templated":true}]}}