{"id":6439,"date":"2012-03-17T13:02:11","date_gmt":"2012-03-17T11:02:11","guid":{"rendered":"http:\/\/wlcu.biz\/?p=794"},"modified":"2017-03-06T02:10:30","modified_gmt":"2017-03-06T00:10:30","slug":"le-spectacle-musicale-escale-a-beyrouth-en-france-17-mars-2012","status":"publish","type":"post","link":"https:\/\/wlcu.world\/ng\/6439\/","title":{"rendered":"Le Spectacle Musicale &quot;Escale \u00e0 Beyrouth&quot; en France &#8211; 17 Mars 2012"},"content":{"rendered":"<p>La d\u00e9l\u00e9gation permanente du Liban aupr\u00e8s de l\u2019organisation des Nations Unis pour l\u2019Education, La Science et la culture (UNESCO) et L\u2019Union Libanaise Culturelle Mondiale \u2013 France vous convient \u00e0 un Spectacle Musical \u201cEscale \u00e0 Beyrouth\u201d con\u00e7u et mis en sc\u00e8ne par Nicole Chami Mouradian au profit des Enfants Orphelins des Martyrs de l&#8217;Arm\u00e9e Libanaise le samedi 17 Mars 2012 \u00e0 20 heures pr\u00e9cises, \u00e0 la Maison de l\u2019UNESCO, Salle 1 &#8211; 125 avenue de Suffren \u2013 75015 Paris.<\/p>\n<p>Deux heures de spectacle, un voyage de plus de 40 chansons, une trentaine d&#8217;artistes, des \u00e9coles de danse, un d\u00e9fil\u00e9 de mode\u2026 Toujours pour cause humanitaire puisque les b\u00e9n\u00e9fices iront aux enfants orphelins de l&#8217;arm\u00e9e libanaise. R\u00e9servez vos places rapidement pour ne pas rater le vol.&nbsp; Et d&#8217;ici l\u00e0 gardez vos ceintures bien attach\u00e9es, de grands troubles \u00e9motionnels seront au rendez vous!<\/p>\n<p><span style=\"text-decoration: underline;\">R\u00e9servation\/informations<\/span> :<\/p>\n<p>http:\/\/www.facebook.com\/events\/311968215511457\/; concert17mars2012@ulcm-france.org; T\u00e9l: 06 24 99 31 11; FNAC<\/p>\n<p><span style=\"text-decoration: underline;\">Prix des billets : <\/span><\/p>\n<p>Orchestre : 60\u20ac et 40\u20ac; Mezzanine : 25\u20ac<\/p>\n<p align=\"center\">Affiche: <a href=\"\/ng\/wp-content\/uploads\/2013\/06\/2012-01-27-Escale-\u00e0-Beyrouth-Affiche.pdf\">Escale \u00e0 Beyrouth-Affiche<\/a><\/p>\n<p align=\"center\">Invitation: <a href=\"\/ng\/wp-content\/uploads\/2013\/06\/2012-01-27-Escale-\u00e0-Beyrouth-Carton.pdf\">Escale \u00e0 Beyrouth-Carton<\/a><\/p>\n<p align=\"center\">Coupon R\u00e9ponse: <a href=\"\/ng\/wp-content\/uploads\/2013\/06\/2012-01-27-Escale-\u00e0-Beyrouth-Coupon-Reponse.pdf\">Escale \u00e0 Beyrouth-Coupon Reponse<\/a><\/p>\n","protected":false},"excerpt":{"rendered":"<p>La d\u00e9l\u00e9gation permanente du Liban aupr\u00e8s de l\u2019organisation des Nations Unis pour l\u2019Education, La Science et la culture (UNESCO) et L\u2019Union Libanaise Culturelle Mondiale \u2013 France vous convient \u00e0 un Spectacle Musical \u201cEscale \u00e0 Beyrouth\u201d con\u00e7u et mis en sc\u00e8ne par Nicole Chami Mouradian au profit des Enfants Orphelins des Martyrs de l&#8217;Arm\u00e9e Libanaise le &#8230;<\/p>\n","protected":false},"author":1,"featured_media":0,"comment_status":"closed","ping_status":"open","sticky":false,"template":"","format":"standard","meta":{"ngg_post_thumbnail":0,"_jetpack_memberships_contains_paid_content":false,"footnotes":""},"categories":[31,992],"tags":[],"class_list":["post-6439","post","type-post","status-publish","format-standard","hentry","category-europe","category-wlcu-regions"],"jetpack_featured_media_url":"","jetpack_sharing_enabled":true,"_links":{"self":[{"href":"https:\/\/wlcu.world\/ng\/wp-json\/wp\/v2\/posts\/6439","targetHints":{"allow":["GET"]}}],"collection":[{"href":"https:\/\/wlcu.world\/ng\/wp-json\/wp\/v2\/posts"}],"about":[{"href":"https:\/\/wlcu.world\/ng\/wp-json\/wp\/v2\/types\/post"}],"author":[{"embeddable":true,"href":"https:\/\/wlcu.world\/ng\/wp-json\/wp\/v2\/users\/1"}],"replies":[{"embeddable":true,"href":"https:\/\/wlcu.world\/ng\/wp-json\/wp\/v2\/comments?post=6439"}],"version-history":[{"count":3,"href":"https:\/\/wlcu.world\/ng\/wp-json\/wp\/v2\/posts\/6439\/revisions"}],"predecessor-version":[{"id":19819,"href":"https:\/\/wlcu.world\/ng\/wp-json\/wp\/v2\/posts\/6439\/revisions\/19819"}],"wp:attachment":[{"href":"https:\/\/wlcu.world\/ng\/wp-json\/wp\/v2\/media?parent=6439"}],"wp:term":[{"taxonomy":"category","embeddable":true,"href":"https:\/\/wlcu.world\/ng\/wp-json\/wp\/v2\/categories?post=6439"},{"taxonomy":"post_tag","embeddable":true,"href":"https:\/\/wlcu.world\/ng\/wp-json\/wp\/v2\/tags?post=6439"}],"curies":[{"name":"wp","href":"https:\/\/api.w.org\/{rel}","templated":true}]}}